{"id":88,"date":"2025-09-26T06:18:30","date_gmt":"2025-09-26T06:18:30","guid":{"rendered":"https:\/\/bytesharing.com\/?p=88"},"modified":"2025-10-12T17:42:36","modified_gmt":"2025-10-12T17:42:36","slug":"hello-world-5","status":"publish","type":"post","link":"https:\/\/bytesharing.com\/?p=88","title":{"rendered":"Relato: Otro 26 de septiembre&#8230;"},"content":{"rendered":"\n<p>Despu\u00e9s del curso, todo qued\u00f3 en el aire. Ni tan siquiera recuerdo si hubo despedida&#8230;<\/p>\n\n\n\n<p>Yo no sab\u00eda expresar lo que sent\u00eda. S\u00f3lo sab\u00eda escribirlo. A trav\u00e9s de cartas. De colores. Siempre un color distinto. Nunca blanco. <\/p>\n\n\n\n<p>LLeg\u00f3 el verano. Lo cambi\u00f3 todo.<\/p>\n\n\n\n<p>Fui secuestrado por un sentimiento inmenso, sublime, a la vez que atroz, manteni\u00e9ndome entre apasionado y confundido. No recuerdo disfrutar.&nbsp;<\/p>\n\n\n\n<p>Creo que est\u00e1bamos en 1988. No hab\u00eda m\u00f3viles, no hab\u00eda chats, ni ordenadores. S\u00f3lo un tel\u00e9fono. S\u00f3lo un papel, bol\u00edgrafo y una direcci\u00f3n postal. S\u00f3lo envi\u00e9 una carta.<\/p>\n\n\n\n<p>Recuerdo a veces, entrada la noche, llorar de rabia, por no atreverme a usar ese n\u00famero de tel\u00e9fono y por que tampoco sonaba para mi.<\/p>\n\n\n\n<p>Durante ese tiempo hab\u00eda momentos en los que constru\u00eda un futuro, a trav\u00e9s de ese sentimiento inmenso, e imaginaba una felicidad deseada. Pero tras ello, siempre casi sin descanso, el miedo y el temor a que el tiempo y la distancia lo destruyeran todo me colocaba cayendo en un abismo sin fondo.<\/p>\n\n\n\n<p>Y los d\u00edas pasaban incesantes, uno tras otro, y la respuesta a mi carta no llegaba. Y esa llamada no se hac\u00eda. Y ese tel\u00e9fono no sonaba.<\/p>\n\n\n\n<p>El final del verano lleg\u00f3.<\/p>\n\n\n\n<p>Fue un 26 de septiembre.<\/p>\n\n\n\n<p>El cartero lleg\u00f3 a la hora esperada. Y dej\u00f3 bajo la puerta un carta.<\/p>\n\n\n\n<p>Era blanca. No necesitaba abrirla para saber qu\u00e9 dec\u00eda.<\/p>\n\n\n\n<p>El abismo se hizo realidad. <\/p>\n\n\n\n<p>Mis peores presagios invadieron mi vida. <\/p>\n\n\n\n<p>Llor\u00e9. Creo que no he llorado nunca tanto.<\/p>\n\n\n\n<p>Tanto, que despu\u00e9s de 37 a\u00f1os aun lo recuerdo con claridad y una sensaci\u00f3n de tristeza me invade cada 26 de septiembre.<\/p>\n\n\n\n<p>Hay sucesos, peque\u00f1os, insignificantes, que nos van a marcar toda la vida, toda, sin duda. Aunque cuando suceden s\u00f3lo somos conscientes del dolor que nos infringen.&nbsp;<\/p>\n\n\n\n<p>Es imprescindible pasar por esos momentos. Y aprender. La primera vez el sufrimiento puede parecer extremo. Pero se supera. Siempre. Aprend\u00ed que el lenguaje es imprescindible para comunicar lo que sientes. Los chats, las cartas, las v\u00eddeos, nada, nada de eso puede sustituir una mirada en directo y unas palabras que conecten las almas. <\/p>\n\n\n\n<p>Efectivamente, s\u00ed, aprend\u00ed, pero me quedaba aun tanto por conocer&#8230; Creo que tengo que acabar agradeciendo a la persona que envi\u00f3 esa carta que me lleg\u00f3 un 26 de septiembre. Fue tan importante para convertirme en lo que ahora soy que, a pesar de las l\u00e1grimas, estoy en deuda con ella. Gracias.<\/p>\n","protected":false},"excerpt":{"rendered":"<p>Despu\u00e9s del curso, todo qued\u00f3 en el aire. Ni tan siquiera recuerdo si hubo despedida&#8230; Yo no sab\u00eda expresar lo que sent\u00eda. S\u00f3lo sab\u00eda escribirlo. A trav\u00e9s de cartas. De&hellip;<\/p>\n","protected":false},"author":1,"featured_media":183,"comment_status":"open","ping_status":"open","sticky":false,"template":"","format":"standard","meta":{"footnotes":""},"categories":[6],"tags":[],"class_list":["post-88","post","type-post","status-publish","format-standard","has-post-thumbnail","hentry","category-stories"],"_links":{"self":[{"href":"https:\/\/bytesharing.com\/index.php?rest_route=\/wp\/v2\/posts\/88","targetHints":{"allow":["GET"]}}],"collection":[{"href":"https:\/\/bytesharing.com\/index.php?rest_route=\/wp\/v2\/posts"}],"about":[{"href":"https:\/\/bytesharing.com\/index.php?rest_route=\/wp\/v2\/types\/post"}],"author":[{"embeddable":true,"href":"https:\/\/bytesharing.com\/index.php?rest_route=\/wp\/v2\/users\/1"}],"replies":[{"embeddable":true,"href":"https:\/\/bytesharing.com\/index.php?rest_route=%2Fwp%2Fv2%2Fcomments&post=88"}],"version-history":[{"count":8,"href":"https:\/\/bytesharing.com\/index.php?rest_route=\/wp\/v2\/posts\/88\/revisions"}],"predecessor-version":[{"id":283,"href":"https:\/\/bytesharing.com\/index.php?rest_route=\/wp\/v2\/posts\/88\/revisions\/283"}],"wp:featuredmedia":[{"embeddable":true,"href":"https:\/\/bytesharing.com\/index.php?rest_route=\/wp\/v2\/media\/183"}],"wp:attachment":[{"href":"https:\/\/bytesharing.com\/index.php?rest_route=%2Fwp%2Fv2%2Fmedia&parent=88"}],"wp:term":[{"taxonomy":"category","embeddable":true,"href":"https:\/\/bytesharing.com\/index.php?rest_route=%2Fwp%2Fv2%2Fcategories&post=88"},{"taxonomy":"post_tag","embeddable":true,"href":"https:\/\/bytesharing.com\/index.php?rest_route=%2Fwp%2Fv2%2Ftags&post=88"}],"curies":[{"name":"wp","href":"https:\/\/api.w.org\/{rel}","templated":true}]}}